{"id":1273,"date":"2016-03-02T18:29:44","date_gmt":"2016-03-03T00:29:44","guid":{"rendered":"http:\/\/cristinarascon.com.mx\/?p=1273"},"modified":"2016-03-02T18:29:44","modified_gmt":"2016-03-03T00:29:44","slug":"taller-de-narrativa-breve-impartido-por-cristina-rascon","status":"publish","type":"post","link":"http:\/\/cristinarascon.com.mx\/pt\/taller-de-narrativa-breve-impartido-por-cristina-rascon\/","title":{"rendered":"Taller de Narrativa Breve impartido por Cristina Rasc\u00f3n"},"content":{"rendered":"<p><strong>Cristina Rasc\u00f3n<\/strong> impartir\u00e1 un <strong>Taller de Narrativa Breve<\/strong> en el que los alumnos podr\u00e1n compartir experiencias, construir historias, llegar a la est\u00e9tica del cuento y plasmar una sensaci\u00f3n: distintos objetivos para distintos g\u00e9neros. Pero todo en la brevedad, con el efecto entra\u00f1able que se busca en el lector.<\/p>\n<p>Este taller ser\u00e1 en una \u00fanica sesi\u00f3n, en la que el alumno puede\u00a0traer textos para que puedan definir su alcance y mejorar. Tambi\u00e9n podr\u00e1n escribir\u00a0en clase. Es un taller muy personal y cercano en el que todo depender\u00e1 de los intereses del grupo. Una vez el grupo se re\u00fana, se manejar\u00e1 la posibilidad de continuar otro s\u00e1bado en que a todos nos convenga.<\/p>\n<p><strong><a href=\"http:\/\/www.communicarte.mx\/wp-content\/uploads\/2016\/02\/cristina-rascon.jpg\" rel=\"attachment wp-att-455\"><img loading=\"lazy\" decoding=\"async\" class=\"alignright size-medium wp-image-455\" src=\"http:\/\/www.communicarte.mx\/wp-content\/uploads\/2016\/02\/cristina-rascon-300x184.jpg\" alt=\"cristina rascon\" width=\"300\" height=\"184\" \/><\/a>Cristina Rasc\u00f3n<\/strong>\u00a0es escritora, economista y traductora literaria nacida en Sonora, M\u00e9xico, 1976. Cuenta con una trayectoria y un curr\u00edculum intachables. Es autora de los libros de cuento El agua est\u00e1 helada (ISC, 2006), Cuentr\u00e1ficos (ISC, 2006), Hanami (Tierra Adentro, 2009) y Puede que un sahuaro seas t\u00fa (FORCA, 2010), en los que explora temas como la migraci\u00f3n, el viaje, la ilusi\u00f3n del Yo, la incomunicaci\u00f3n, la metaficci\u00f3n, as\u00ed como la mujer y sus fronteras personales, mientras retoma las experiencias de haber crecido en la frontera Sonora\/Arizona y haber residido en Austria, Brasil, Canad\u00e1, China y Jap\u00f3n, desde cuyas literaturas, geograf\u00edas y ling\u00fc\u00edstica retoma la creaci\u00f3n de su propia ficci\u00f3n y poes\u00eda.<\/p>\n<p>Como traductora de poes\u00eda japonesa al espa\u00f1ol public\u00f3 con anterioridad el libro Sin conocer el mundo, del poeta Shuntaro Tanikawa (Plan C, 2007) y Dos mil millones de a\u00f1os luz de soledad (UAM, 2012), del mismo autor. Ha traducido del japon\u00e9s para diversos medios hispanos poes\u00eda de Mitsuo Aida, Ishigakirin y Tawara Machi, as\u00ed como poes\u00eda desde el ingl\u00e9s, portugu\u00e9s y franc\u00e9s.<\/p>\n<p><strong>\u00a0Lugar en el que se impartir\u00e1 el curso<\/strong><\/p>\n<p><strong>Tem\u00e1tica:\u00a0<\/strong>Cr\u00f3nica, cuento, prosa po\u00e9tica, minificci\u00f3n.<br \/>\n<strong>D\u00eda y Horario:<\/strong> S\u00e1bado 5 de marzo, de 11:00 a 14:00 horas<br \/>\n<strong>Imparte:<\/strong> Cristina Rasc\u00f3n<br \/>\n<strong>Precio:<\/strong> $550.<br \/>\n<strong>El cupo es limitado<\/strong><br \/>\n<strong>Ubicaci\u00f3n:<\/strong> Col. Narvarte (Ciudad de M\u00e9xico)<\/p>\n<p>Para m\u00e1s informaci\u00f3n, contacten <strong><a href=\"https:\/\/www.facebook.com\/Cristinarasconescritora\/\" target=\"_blank\">v\u00eda inbox en Facebook<\/a><\/strong>.<\/p>\n","protected":false},"excerpt":{"rendered":"<p class=\"qtranxs-available-languages-message qtranxs-available-languages-message-pt\">Desculpe-nos, mas este texto esta apenas dispon\u00edvel em <a href=\"http:\/\/cristinarascon.com.mx\/es\/wp-json\/wp\/v2\/posts\/1273\" class=\"qtranxs-available-language-link qtranxs-available-language-link-es\" title=\"Espa\u00f1ol\">Espa\u00f1ol<\/a>.<\/p>\n","protected":false},"author":5,"featured_media":1274,"comment_status":"closed","ping_status":"closed","sticky":false,"template":"","format":"standard","meta":{"_et_pb_use_builder":"","_et_pb_old_content":"","_et_gb_content_width":"","_exactmetrics_skip_tracking":false,"_exactmetrics_sitenote_active":false,"_exactmetrics_sitenote_note":"","_exactmetrics_sitenote_category":0,"footnotes":""},"categories":[1,5],"tags":[6,23,13,12,22],"class_list":["post-1273","post","type-post","status-publish","format-standard","has-post-thumbnail","hentry","category-sin-categoria","category-noticias","tag-cristina-rascon","tag-escritora-literaria-mexicana","tag-escritora-sonorense","tag-narrativa-mexicana","tag-taller"],"aioseo_notices":[],"_links":{"self":[{"href":"http:\/\/cristinarascon.com.mx\/pt\/wp-json\/wp\/v2\/posts\/1273","targetHints":{"allow":["GET"]}}],"collection":[{"href":"http:\/\/cristinarascon.com.mx\/pt\/wp-json\/wp\/v2\/posts"}],"about":[{"href":"http:\/\/cristinarascon.com.mx\/pt\/wp-json\/wp\/v2\/types\/post"}],"author":[{"embeddable":true,"href":"http:\/\/cristinarascon.com.mx\/pt\/wp-json\/wp\/v2\/users\/5"}],"replies":[{"embeddable":true,"href":"http:\/\/cristinarascon.com.mx\/pt\/wp-json\/wp\/v2\/comments?post=1273"}],"version-history":[{"count":1,"href":"http:\/\/cristinarascon.com.mx\/pt\/wp-json\/wp\/v2\/posts\/1273\/revisions"}],"predecessor-version":[{"id":1275,"href":"http:\/\/cristinarascon.com.mx\/pt\/wp-json\/wp\/v2\/posts\/1273\/revisions\/1275"}],"wp:featuredmedia":[{"embeddable":true,"href":"http:\/\/cristinarascon.com.mx\/pt\/wp-json\/wp\/v2\/media\/1274"}],"wp:attachment":[{"href":"http:\/\/cristinarascon.com.mx\/pt\/wp-json\/wp\/v2\/media?parent=1273"}],"wp:term":[{"taxonomy":"category","embeddable":true,"href":"http:\/\/cristinarascon.com.mx\/pt\/wp-json\/wp\/v2\/categories?post=1273"},{"taxonomy":"post_tag","embeddable":true,"href":"http:\/\/cristinarascon.com.mx\/pt\/wp-json\/wp\/v2\/tags?post=1273"}],"curies":[{"name":"wp","href":"https:\/\/api.w.org\/{rel}","templated":true}]}}