{"id":1267,"date":"2016-02-16T18:12:49","date_gmt":"2016-02-17T00:12:49","guid":{"rendered":"http:\/\/cristinarascon.com.mx\/?p=1267"},"modified":"2016-03-02T18:17:52","modified_gmt":"2016-03-03T00:17:52","slug":"micronopio-del-canal-22-dedica-un-capitulo-a-cristina-rascon","status":"publish","type":"post","link":"http:\/\/cristinarascon.com.mx\/pt\/micronopio-del-canal-22-dedica-un-capitulo-a-cristina-rascon\/","title":{"rendered":"Micronopio del Canal 22 dedica un cap\u00edtulo a Cristina Rasc\u00f3n"},"content":{"rendered":"<p>La serie <strong>Micronopio<\/strong>, dedicada a la minificci\u00f3n mexicana, est\u00e1\u00a0producida por la Agencia de Noticias 22 de Canal 22. Este agosto pasado, C\u00e9sar Abraham Navarrete V\u00e1zquez, realiz\u00f3\u00a0una entrevista sobre minificci\u00f3n y letras japonesas, sobre el libro de <strong>Cristina Rasc\u00f3n<\/strong>\u00a0<em>El sonido de las hojas<\/em> (Cuadrivio, 2014).<\/p>\n<p>El mi\u00e9rcoles 17 de febrero se estrena el cap\u00edtulo 16 dedicado a esta traductora y escritora\u00a0quien, a partir de la brevedad, tiende puentes entre las literaturas mexicana y japonesa. Asimismo, se trata de la primera c\u00e1psula en Micronopio, en que los g\u00e9neros m\u00ednimos de la poes\u00eda se hacen presentes \u2014hasta ahora la narrativa prevalec\u00eda\u2014, gracias al haiku.<\/p>\n<p><strong>Cristina Rasc\u00f3n<\/strong> es escritora, economista y traductora literaria nacida en Sonora, M\u00e9xico, 1976. Es autora de los libros de cuento <em>El agua est\u00e1 helada<\/em> (ISC, 2006), <em>Cuentr\u00e1ficos<\/em> (ISC, 2006), <em>Hanami<\/em> (Tierra Adentro, 2009) y <em>Puede que un sahuaro seas t\u00fa<\/em> (FORCA, 2010), en los que explora temas como la migraci\u00f3n, el viaje, la ilusi\u00f3n del Yo, la incomunicaci\u00f3n, la metaficci\u00f3n, as\u00ed como la mujer y sus fronteras personales, mientras retoma las experiencias de haber crecido en la frontera Sonora\/Arizona y haber residido en Austria, Brasil, Canad\u00e1, China y Jap\u00f3n, desde cuyas literaturas, geograf\u00edas y ling\u00fc\u00edstica retoma la creaci\u00f3n de su propia ficci\u00f3n y poes\u00eda.<\/p>\n<p>Como traductora de poes\u00eda japonesa al espa\u00f1ol public\u00f3 con anterioridad el libro <em>Sin conocer el mundo<\/em>, del poeta Shuntaro Tanikawa (Plan C, 2007) y <em>Dos mil millones de a\u00f1os luz de soledad<\/em> (UAM, 2012), del mismo autor. Ha traducido del japon\u00e9s para diversos medios hispanos poes\u00eda de Mitsuo Aida, Ishigakirin y Tawara Machi, as\u00ed como poes\u00eda desde el ingl\u00e9s, portugu\u00e9s y franc\u00e9s.<\/p>\n<p>Podr\u00e1n visualizar el cap\u00edtulo 16 en <strong><a href=\"https:\/\/www.youtube.com\/playlist?list=PLfAfgqbYUKUhB4DcBVEIraiFRpT0HfQ8k\" target=\"_blank\">el canal de YouTube Noticias 22 Agencia<\/a><\/strong>.\u00a0De momento, les compartimos la c\u00e1psula:<\/p>\n<p><iframe loading=\"lazy\" src=\"https:\/\/www.youtube.com\/embed\/Ch0Lnr46a4c\" width=\"560\" height=\"315\" frameborder=\"0\" allowfullscreen=\"allowfullscreen\"><\/iframe><\/p>\n","protected":false},"excerpt":{"rendered":"<p class=\"qtranxs-available-languages-message qtranxs-available-languages-message-pt\">Desculpe-nos, mas este texto esta apenas dispon\u00edvel em <a href=\"http:\/\/cristinarascon.com.mx\/es\/wp-json\/wp\/v2\/posts\/1267\" class=\"qtranxs-available-language-link qtranxs-available-language-link-es\" title=\"Espa\u00f1ol\">Espa\u00f1ol<\/a>.<\/p>\n","protected":false},"author":5,"featured_media":1268,"comment_status":"closed","ping_status":"closed","sticky":false,"template":"","format":"standard","meta":{"_et_pb_use_builder":"","_et_pb_old_content":"","_et_gb_content_width":"","_exactmetrics_skip_tracking":false,"_exactmetrics_sitenote_active":false,"_exactmetrics_sitenote_note":"","_exactmetrics_sitenote_category":0,"footnotes":""},"categories":[1,5],"tags":[6,18,19,21,20],"class_list":["post-1267","post","type-post","status-publish","format-standard","has-post-thumbnail","hentry","category-sin-categoria","category-noticias","tag-cristina-rascon","tag-el-sonido-de-las-hojas","tag-escritora-de-haiku","tag-literatura-japonesa","tag-micronopio-canal-22"],"aioseo_notices":[],"_links":{"self":[{"href":"http:\/\/cristinarascon.com.mx\/pt\/wp-json\/wp\/v2\/posts\/1267","targetHints":{"allow":["GET"]}}],"collection":[{"href":"http:\/\/cristinarascon.com.mx\/pt\/wp-json\/wp\/v2\/posts"}],"about":[{"href":"http:\/\/cristinarascon.com.mx\/pt\/wp-json\/wp\/v2\/types\/post"}],"author":[{"embeddable":true,"href":"http:\/\/cristinarascon.com.mx\/pt\/wp-json\/wp\/v2\/users\/5"}],"replies":[{"embeddable":true,"href":"http:\/\/cristinarascon.com.mx\/pt\/wp-json\/wp\/v2\/comments?post=1267"}],"version-history":[{"count":1,"href":"http:\/\/cristinarascon.com.mx\/pt\/wp-json\/wp\/v2\/posts\/1267\/revisions"}],"predecessor-version":[{"id":1269,"href":"http:\/\/cristinarascon.com.mx\/pt\/wp-json\/wp\/v2\/posts\/1267\/revisions\/1269"}],"wp:featuredmedia":[{"embeddable":true,"href":"http:\/\/cristinarascon.com.mx\/pt\/wp-json\/wp\/v2\/media\/1268"}],"wp:attachment":[{"href":"http:\/\/cristinarascon.com.mx\/pt\/wp-json\/wp\/v2\/media?parent=1267"}],"wp:term":[{"taxonomy":"category","embeddable":true,"href":"http:\/\/cristinarascon.com.mx\/pt\/wp-json\/wp\/v2\/categories?post=1267"},{"taxonomy":"post_tag","embeddable":true,"href":"http:\/\/cristinarascon.com.mx\/pt\/wp-json\/wp\/v2\/tags?post=1267"}],"curies":[{"name":"wp","href":"https:\/\/api.w.org\/{rel}","templated":true}]}}