{"id":1285,"date":"2016-03-08T10:07:22","date_gmt":"2016-03-08T16:07:22","guid":{"rendered":"http:\/\/cristinarascon.com.mx\/?p=1285"},"modified":"2016-03-08T10:11:51","modified_gmt":"2016-03-08T16:11:51","slug":"cristina-rascon-participa-en-el-evento-mujeres-en-su-tinta","status":"publish","type":"post","link":"http:\/\/cristinarascon.com.mx\/ja\/cristina-rascon-participa-en-el-evento-mujeres-en-su-tinta\/","title":{"rendered":"Cristina Rasc\u00f3n participa en el evento Mujeres en su Tinta"},"content":{"rendered":"<p>Hoy 8 de marzo tiene\u00a0lugar el <strong>D\u00eda Internacional de la Mujer<\/strong>, una jornada instaurada por la ONU para impulsar la igualdad de g\u00e9nero as\u00ed como la importancia del rol de la mujer en la sociedad.<\/p>\n<p>Dentro del marco de celebraci\u00f3n del <strong>D\u00eda Internacional de la Mujer<\/strong>, tiene lugar el evento <strong>Mujeres en su Tinta: Quinto Encuentro de Escritoras<\/strong>, el 8 y 9 de marzo en la Galer\u00eda de Artes y Ciencias de la Universidad de Sonora. Ser\u00e1n dos d\u00edas en los que habr\u00e1 lecturas, presentaciones de libros, m\u00fasica performance y muestras gr\u00e1ficas. Este a\u00f1o la invitada especial al encuentro es <strong>Carmen Boullosa<\/strong>, destacada\u00a0poeta, novelista, guionista y dramaturga mexicana.<\/p>\n<p>Como escritora y traductora quiero agradecer a la organizaci\u00f3n de <strong>Mujeres en su Tinta<\/strong> el haberme invitado a este encuentro en el que dar\u00e9 una charla titulada &#8220;Procesos y planteamientos narrativos desde la perspectiva de fronteras&#8221; el d\u00eda 9 de marzo a las 18:00h. \u00a1Est\u00e1n invitados!<\/p>\n<p>Les comparto el programa del evento:<\/p>\n<div class=\"issuuembed\" style=\"width: 525px; height: 406px;\" data-configid=\"0\/33973630\"><\/div>\n<p><script src=\"\/\/e.issuu.com\/embed.js\" async=\"true\" type=\"text\/javascript\"><\/script><\/p>\n","protected":false},"excerpt":{"rendered":"<p class=\"qtranxs-available-languages-message qtranxs-available-languages-message-ja\">\u7533\u3057\u8a33\u3042\u308a\u307e\u305b\u3093\u3001\u3053\u306e\u30b3\u30f3\u30c6\u30f3\u30c4\u306f\u305f\u3060\u4eca\u3000<a href=\"http:\/\/cristinarascon.com.mx\/es\/wp-json\/wp\/v2\/posts\/1285\" class=\"qtranxs-available-language-link qtranxs-available-language-link-es\" title=\"Espa\u00f1ol\">Espa\u00f1ol<\/a>\u3000\u306e\u307f\u3067\u3059\u3002<\/p>\n","protected":false},"author":5,"featured_media":1287,"comment_status":"closed","ping_status":"closed","sticky":false,"template":"","format":"standard","meta":{"_et_pb_use_builder":"","_et_pb_old_content":"","_et_gb_content_width":"","_exactmetrics_skip_tracking":false,"_exactmetrics_sitenote_active":false,"_exactmetrics_sitenote_note":"","_exactmetrics_sitenote_category":0,"footnotes":""},"categories":[1,5],"tags":[6,31,33,13,32,34],"class_list":["post-1285","post","type-post","status-publish","format-standard","has-post-thumbnail","hentry","category-sin-categoria","category-noticias","tag-cristina-rascon","tag-dia-internacional-de-la-mujer","tag-encuentro-de-escritoras","tag-escritora-sonorense","tag-mujeres-en-su-tinta","tag-traductora-sonorense"],"aioseo_notices":[],"_links":{"self":[{"href":"http:\/\/cristinarascon.com.mx\/ja\/wp-json\/wp\/v2\/posts\/1285","targetHints":{"allow":["GET"]}}],"collection":[{"href":"http:\/\/cristinarascon.com.mx\/ja\/wp-json\/wp\/v2\/posts"}],"about":[{"href":"http:\/\/cristinarascon.com.mx\/ja\/wp-json\/wp\/v2\/types\/post"}],"author":[{"embeddable":true,"href":"http:\/\/cristinarascon.com.mx\/ja\/wp-json\/wp\/v2\/users\/5"}],"replies":[{"embeddable":true,"href":"http:\/\/cristinarascon.com.mx\/ja\/wp-json\/wp\/v2\/comments?post=1285"}],"version-history":[{"count":3,"href":"http:\/\/cristinarascon.com.mx\/ja\/wp-json\/wp\/v2\/posts\/1285\/revisions"}],"predecessor-version":[{"id":1289,"href":"http:\/\/cristinarascon.com.mx\/ja\/wp-json\/wp\/v2\/posts\/1285\/revisions\/1289"}],"wp:featuredmedia":[{"embeddable":true,"href":"http:\/\/cristinarascon.com.mx\/ja\/wp-json\/wp\/v2\/media\/1287"}],"wp:attachment":[{"href":"http:\/\/cristinarascon.com.mx\/ja\/wp-json\/wp\/v2\/media?parent=1285"}],"wp:term":[{"taxonomy":"category","embeddable":true,"href":"http:\/\/cristinarascon.com.mx\/ja\/wp-json\/wp\/v2\/categories?post=1285"},{"taxonomy":"post_tag","embeddable":true,"href":"http:\/\/cristinarascon.com.mx\/ja\/wp-json\/wp\/v2\/tags?post=1285"}],"curies":[{"name":"wp","href":"https:\/\/api.w.org\/{rel}","templated":true}]}}