{"id":1261,"date":"2016-01-05T18:01:54","date_gmt":"2016-01-06T00:01:54","guid":{"rendered":"http:\/\/cristinarascon.com.mx\/?p=1261"},"modified":"2016-03-02T18:06:40","modified_gmt":"2016-03-03T00:06:40","slug":"los-mejores-libros-de-narrativa-mexicana-del-2015","status":"publish","type":"post","link":"http:\/\/cristinarascon.com.mx\/en\/los-mejores-libros-de-narrativa-mexicana-del-2015\/","title":{"rendered":"Los mejores libros de narrativa mexicana del 2015"},"content":{"rendered":"<p><strong>Antonio Ortu\u00f1o<\/strong>\u00a0nos ofrece el listado de los mejores libros de narrativa mexicana del 2015. Ortu\u00f1o es un narrador y periodista mexicano, colaborador frecuente de la publicaci\u00f3n Letras Libres y del diario El Informador.\u00a0Entre sus obras m\u00e1s destacadas est\u00e1n &#8220;El buscador de cabezas (2006) y &#8220;Recursos Humanos&#8221; (finalista Premio Herralde de Novela, 2007).<\/p>\n<ol>\n<li><a href=\"http:\/\/www.communicarte.mx\/wp-content\/uploads\/2016\/01\/envozaltaportada.jpg\" rel=\"attachment wp-att-210\"><img loading=\"lazy\" decoding=\"async\" class=\"alignright wp-image-210\" src=\"http:\/\/www.communicarte.mx\/wp-content\/uploads\/2016\/01\/envozaltaportada-200x300.jpg\" alt=\"Pliego portada En voz.indd\" width=\"266\" height=\"400\" \/><\/a>\u201cAl final del vac\u00edo\u201d (reedici\u00f3n), de JM Serv\u00edn (Almad\u00eda)<\/li>\n<li>\u201cLas tierras arrasadas\u201d, de Emiliano Monge (Random House)<\/li>\n<li>\u201cLos gatos de Schr\u00f6dinger\u201d, de Franco F\u00e9lix (Tierra Adentro)<\/li>\n<li>\u201cEn voz alta\u201d, de Cristina Rasc\u00f3n (Nitro Press)<\/li>\n<li>&#8220;No manden flores\u201d, de Mart\u00edn Solares (Random House)<\/li>\n<li>\u201cLas bestias negras\u201d, de Jaime Mesa (Alfaguara)<\/li>\n<li>\u201cMemorias de un hombre nuevo\u201d, de Daniel Espartaco (Random House)<\/li>\n<li>\u201cLos \u00faltimos hijos\u201d, de Antonio Ramos (Almad\u00eda)<\/li>\n<li>\u201cPandora\u201d, de Liliana Blum (Tusquets)<\/li>\n<li>\u201cCuaderno ideal\u201d, de Brenda Lozano (Alfaguara)<\/li>\n<li>\u201cUna menta enferma\u201d, de Rafael Ferrer Franco (Tusquets)<\/li>\n<li>\u201cPerros sin nombre\u201d, de Gabriel Rodr\u00edguez Liceaga (Abismos)<\/li>\n<li>\u201cConjunto vac\u00edo\u201d, de Ver\u00f3nica Gerber (Almad\u00eda)<\/li>\n<li>\u201cTemblador\u201d, de Pablo Pi\u00f1ero (Tierra Adentro)<\/li>\n<li>\u201c\u00bfQui\u00e9n le quit\u00f3 los dados a Dios?\u201d, de Gilberto Lastra (Abismos)<\/li>\n<li>\u201cViaje al fin de la memoria\u201d, de Gast\u00f3n Garc\u00eda Marinozzi (Tusquets)<\/li>\n<li>\u201cEl genio de la familia\u201d, de Ra\u00fal An\u00edbal S\u00e1nchez (Tierra Adentro)<\/li>\n<li>\u201cQuisiera ser John Fante\u201d, de Daniel Herrera (Moho)<\/li>\n<li>\u201cParis DF\u201d, de Roberto Wong (Galaxia Gutemberg) y \u201cHuesos de San Lorenzo\u201d, de Vicente Alfonso (Tusquets)<\/li>\n<\/ol>\n<p>Una menci\u00f3n especial merece la colecci\u00f3n \u201cInstant\u00e1nea\u201d, del sello local Para\u00edso Perdido, que ha editado plaquettes con relatos de autores como Abril Posas, C\u00e1stulo Aceves, \u00c9dgar Velasco, Rafael Villegas, Gabriela Torres, Manuel Fons, Nylsa Mart\u00ednez, Nydia Pando, James Nu\u00f1o, Elizabeth Vivero, Iv\u00e1n Far\u00edas y Alejandro Badillo, entre otros.<\/p>\n<p>En la llamada \u201cno ficci\u00f3n\u201d, que incluye textos relacionados con la historia, la biograf\u00eda y la cr\u00f3nica inclasificable, destacan \u201cLa casa del dolor ajeno\u201d, de Juli\u00e1n Herbert (Random House); \u201cSlim\u201d, de Diego Osorno (Debate); \u201cKafka en traje de ba\u00f1o\u201d, de Franco F\u00e9lix (Nitro Press) y \u201cNotas de desencanto y otras virtudes\u201d, de Miguelangel D\u00edaz Monges (Abismos).<\/p>\n<p><strong>Fuente:<\/strong> <a href=\"http:\/\/prodavinci.com\/2016\/01\/02\/actualidad\/algunos-libros-de-2015-i-por-antonio-ortuno\/\" target=\"_blank\">ProdaVinci<\/a><\/p>\n","protected":false},"excerpt":{"rendered":"<p class=\"qtranxs-available-languages-message qtranxs-available-languages-message-en\">Sorry, this entry is only available in <a href=\"http:\/\/cristinarascon.com.mx\/es\/wp-json\/wp\/v2\/posts\/1261\" class=\"qtranxs-available-language-link qtranxs-available-language-link-es\" title=\"Espa\u00f1ol\">Espa\u00f1ol<\/a>.<\/p>\n","protected":false},"author":5,"featured_media":1262,"comment_status":"closed","ping_status":"closed","sticky":false,"template":"","format":"standard","meta":{"_et_pb_use_builder":"","_et_pb_old_content":"","_et_gb_content_width":"","_exactmetrics_skip_tracking":false,"_exactmetrics_sitenote_active":false,"_exactmetrics_sitenote_note":"","_exactmetrics_sitenote_category":0,"footnotes":""},"categories":[1,4],"tags":[6,14,13,12],"class_list":["post-1261","post","type-post","status-publish","format-standard","has-post-thumbnail","hentry","category-sin-categoria","category-libros","tag-cristina-rascon","tag-en-voz-alta","tag-escritora-sonorense","tag-narrativa-mexicana"],"aioseo_notices":[],"_links":{"self":[{"href":"http:\/\/cristinarascon.com.mx\/en\/wp-json\/wp\/v2\/posts\/1261","targetHints":{"allow":["GET"]}}],"collection":[{"href":"http:\/\/cristinarascon.com.mx\/en\/wp-json\/wp\/v2\/posts"}],"about":[{"href":"http:\/\/cristinarascon.com.mx\/en\/wp-json\/wp\/v2\/types\/post"}],"author":[{"embeddable":true,"href":"http:\/\/cristinarascon.com.mx\/en\/wp-json\/wp\/v2\/users\/5"}],"replies":[{"embeddable":true,"href":"http:\/\/cristinarascon.com.mx\/en\/wp-json\/wp\/v2\/comments?post=1261"}],"version-history":[{"count":1,"href":"http:\/\/cristinarascon.com.mx\/en\/wp-json\/wp\/v2\/posts\/1261\/revisions"}],"predecessor-version":[{"id":1263,"href":"http:\/\/cristinarascon.com.mx\/en\/wp-json\/wp\/v2\/posts\/1261\/revisions\/1263"}],"wp:featuredmedia":[{"embeddable":true,"href":"http:\/\/cristinarascon.com.mx\/en\/wp-json\/wp\/v2\/media\/1262"}],"wp:attachment":[{"href":"http:\/\/cristinarascon.com.mx\/en\/wp-json\/wp\/v2\/media?parent=1261"}],"wp:term":[{"taxonomy":"category","embeddable":true,"href":"http:\/\/cristinarascon.com.mx\/en\/wp-json\/wp\/v2\/categories?post=1261"},{"taxonomy":"post_tag","embeddable":true,"href":"http:\/\/cristinarascon.com.mx\/en\/wp-json\/wp\/v2\/tags?post=1261"}],"curies":[{"name":"wp","href":"https:\/\/api.w.org\/{rel}","templated":true}]}}